{"id":530,"date":"2023-07-27T11:11:40","date_gmt":"2023-07-27T09:11:40","guid":{"rendered":"https:\/\/ellesinteriordesignstudio.com\/fr\/?p=530"},"modified":"2024-07-30T10:56:40","modified_gmt":"2024-07-30T08:56:40","slug":"biophilie-et-design-ensemble-pour-la-vie","status":"publish","type":"post","link":"https:\/\/ellesinteriordesignstudio.com\/fr\/blog-interieurs\/biophilie-et-design-ensemble-pour-la-vie\/","title":{"rendered":"Biophilie et design : ensemble pour la vie"},"content":{"rendered":"\n<p>Mon premier article de blog ne pouvait \u00eatre que consacr\u00e9 \u00e0 la biophilie : c\u2019est non seulement le sujet qui m\u2019a le plus fascin\u00e9e pendant mes \u00e9tudes de design d\u2019int\u00e9rieur, mais c\u2019est surtout une approche du design qui influence profond\u00e9ment mon travail.<\/p>\n\n\n\n<figure class=\"wp-block-image size-large\"><img loading=\"lazy\" decoding=\"async\" width=\"1024\" height=\"767\" src=\"https:\/\/ellesinteriordesignstudio.com\/fr\/wp-content\/uploads\/sites\/2\/2023\/07\/1_Biofilia_ensemble_pour_la_vie-1024x767.webp\" alt=\"Notre relation avec la nature : en tant qu\u2019\u00eatres humains, nous ne l\u2019aimons pas comme un sujet ind\u00e9pendant, mais comme un \u00ab\u00a0tout\u00a0\u00bb dont nous faisons partie.\" class=\"wp-image-547\" srcset=\"https:\/\/ellesinteriordesignstudio.com\/fr\/wp-content\/uploads\/sites\/2\/2023\/07\/1_Biofilia_ensemble_pour_la_vie-1024x767.webp 1024w, https:\/\/ellesinteriordesignstudio.com\/fr\/wp-content\/uploads\/sites\/2\/2023\/07\/1_Biofilia_ensemble_pour_la_vie-300x225.webp 300w, https:\/\/ellesinteriordesignstudio.com\/fr\/wp-content\/uploads\/sites\/2\/2023\/07\/1_Biofilia_ensemble_pour_la_vie-768x575.webp 768w, https:\/\/ellesinteriordesignstudio.com\/fr\/wp-content\/uploads\/sites\/2\/2023\/07\/1_Biofilia_ensemble_pour_la_vie-1536x1150.webp 1536w, https:\/\/ellesinteriordesignstudio.com\/fr\/wp-content\/uploads\/sites\/2\/2023\/07\/1_Biofilia_ensemble_pour_la_vie.webp 1600w\" sizes=\"auto, (max-width: 1024px) 100vw, 1024px\" \/><\/figure>\n\n\n\n<p><\/p>\n\n\n\n<hr class=\"wp-block-separator has-css-opacity\"\/>\n\n\n\n<h2 class=\"wp-block-heading\">Un nouveau rapport \u00e0 la nature<\/h2>\n\n\n\n<p>Depuis la r\u00e9volution industrielle, notre rapport \u00e0 l\u2019environnement naturel s\u2019est profond\u00e9ment transform\u00e9: l\u2019abandon progressif des campagnes et l\u2019explosion de l\u2019urbanisation ont entra\u00een\u00e9 un m\u00e9pris croissant de la nature, allant jusqu\u2019\u00e0 sa maltraitance.<br><br>Pourtant, il est clair que le contact avec l\u2019environnement naturel am\u00e9liore le bien-\u00eatre et la sant\u00e9 de la plupart des gens : il stimule la cr\u00e9ativit\u00e9, favorise une plus grande clart\u00e9 mentale, r\u00e9duit le stress et influence positivement l\u2019humeur, acc\u00e9l\u00e9rant m\u00eame les processus de gu\u00e9rison.&nbsp;<br><br>Orazio lui-m\u00eame - d\u00e9j\u00e0 en 2000 av. - affirmait: <em>\u00ab&nbsp;C\u2019est ce que j\u2019ai demand\u00e9, un terrain, pas tr\u00e8s grand, avec un jardin et, pr\u00e8s de la maison, une source qui ne tarit jamais, et un peu de bois pour compl\u00e9ter le tout&nbsp;\u00bb.<\/em><br><br>Il peut para\u00eetre \u00e9trange de constater \u00e0 quel point ces mots sont d\u2019actualit\u00e9: refonder la relation avec la nature est en effet d\u2019une importance cruciale \u00e0 notre \u00e9poque, non seulement pour am\u00e9liorer notre bien-\u00eatre, mais aussi pour assurer la survie de cette plan\u00e8te.<\/p>\n\n\n\n<blockquote class=\"wp-block-quote is-layout-flow wp-block-quote-is-layout-flow\">\n<p>\u201cIn every walk with nature, one receives far more than one seeks.\u201d<\/p>\n<cite>John Muir, 19 July 1877<\/cite><\/blockquote>\n\n\n<div class=\"wp-block-image\">\n<figure class=\"aligncenter size-full\"><img loading=\"lazy\" decoding=\"async\" width=\"567\" height=\"850\" src=\"https:\/\/ellesinteriordesignstudio.com\/fr\/wp-content\/uploads\/sites\/2\/2023\/07\/2_Biophilie_promenade-dans-les-bois.webp\" alt=\"Stefania Luraghi, architecte d'int\u00e9rieur, lors d'une de ses promenades dans les for\u00eats de Haute-Savoie pour se d\u00e9tendre et trouver de nouvelles inspirations.\" class=\"wp-image-536\" srcset=\"https:\/\/ellesinteriordesignstudio.com\/fr\/wp-content\/uploads\/sites\/2\/2023\/07\/2_Biophilie_promenade-dans-les-bois.webp 567w, https:\/\/ellesinteriordesignstudio.com\/fr\/wp-content\/uploads\/sites\/2\/2023\/07\/2_Biophilie_promenade-dans-les-bois-200x300.webp 200w\" sizes=\"auto, (max-width: 567px) 100vw, 567px\" \/><\/figure><\/div>\n\n\n<p><\/p>\n\n\n\n<hr class=\"wp-block-separator has-css-opacity\"\/>\n\n\n\n<h2 class=\"wp-block-heading\">Les racines de la biophilie<\/h2>\n\n\n\n<p>Le premier \u00e0 avoir utilis\u00e9 ce terme est le psychologue et sociologue allemand Erich Fromm.<\/p>\n\n\n\n<p>\u00c9tymologiquement, il est compos\u00e9 des deux \u00e9l\u00e9ments d\u2019origine grecque \u00ab&nbsp;bio&nbsp;\u00bb - qui signifie \u00ab&nbsp;vie&nbsp;\u00bb - et \u00ab&nbsp;philia&nbsp;\u00bb - qui signifie \u00ab&nbsp;amour&nbsp;\u00bb - d\u2019o\u00f9 sa signification : \u00ab&nbsp;l\u2019amour de la vie&nbsp;\u00bb ou \u00ab&nbsp;l\u2019amour des \u00eatres vivants&nbsp;\u00bb.<br><br>Mais ce n\u2019est que plus tard, en 1984, que le biologiste am\u00e9ricain Edward O. Wilson a commenc\u00e9 \u00e0 parler de la biophilie comme d\u2019une hypoth\u00e8se scientifique, notant la tendance inn\u00e9e des gens \u00e0 \u00ab&nbsp;concentrer leur int\u00e9r\u00eat sur la vie et les processus vitaux&nbsp;\u00bb.<br>La premi\u00e8re \u00e9tape de la d\u00e9finition de ce concept a \u00e9t\u00e9 pr\u00e9cis\u00e9ment celle-ci : identifier le d\u00e9sir d\u2019\u00ab&nbsp;\u00eatre dans la nature&nbsp;\u00bb comme une pr\u00e9disposition cong\u00e9nitale de l\u2019\u00eatre humain, au m\u00eame titre que le langage.<\/p>\n\n\n\n<p>Nos souvenirs d\u2019enfance et les comportements spontan\u00e9s des enfants le confirment : jouer avec la terre, explorer les bois, courir dans les pr\u00e9s... autant de situations qui t\u00e9moignent d\u2019un d\u00e9sir primordial de renouer avec la nature. <\/p>\n\n\n<div class=\"wp-block-image\">\n<figure class=\"aligncenter size-large\"><img loading=\"lazy\" decoding=\"async\" width=\"1024\" height=\"539\" src=\"https:\/\/ellesinteriordesignstudio.com\/fr\/wp-content\/uploads\/sites\/2\/2023\/07\/3_Biophilie_enfants_et_nature-1024x539.jpg\" alt=\"Le comportement spontan\u00e9 des enfants montre que le d\u00e9sir d'\u00eatre dans la nature est un instinct primordial.\" class=\"wp-image-569\" srcset=\"https:\/\/ellesinteriordesignstudio.com\/fr\/wp-content\/uploads\/sites\/2\/2023\/07\/3_Biophilie_enfants_et_nature-1024x539.jpg 1024w, https:\/\/ellesinteriordesignstudio.com\/fr\/wp-content\/uploads\/sites\/2\/2023\/07\/3_Biophilie_enfants_et_nature-300x158.jpg 300w, https:\/\/ellesinteriordesignstudio.com\/fr\/wp-content\/uploads\/sites\/2\/2023\/07\/3_Biophilie_enfants_et_nature-768x404.jpg 768w, https:\/\/ellesinteriordesignstudio.com\/fr\/wp-content\/uploads\/sites\/2\/2023\/07\/3_Biophilie_enfants_et_nature-1536x808.jpg 1536w, https:\/\/ellesinteriordesignstudio.com\/fr\/wp-content\/uploads\/sites\/2\/2023\/07\/3_Biophilie_enfants_et_nature.jpg 1600w\" sizes=\"auto, (max-width: 1024px) 100vw, 1024px\" \/><\/figure><\/div>\n\n\n<p>L\u2019observation de ces comportements et de comportements similaires a suscit\u00e9 beaucoup de curiosit\u00e9 dans les milieux scientifiques, ouvrant la voie \u00e0 des recherches approfondies sur la relation entre l\u2019homme et les autres syst\u00e8mes vivants et sur son \u00e9volution au fil du temps.<br><br>\u00c0 la suite de ces recherches, Wilson a formul\u00e9 en 2002 la d\u00e9finition aujourd\u2019hui utilis\u00e9e de la \u00ab&nbsp;biophilie&nbsp;\u00bb, \u00e0 savoir \u00ab&nbsp;la tendance inn\u00e9e \u00e0 concentrer notre attention sur les formes de vie et tout ce qui nous les rappelle et, dans certaines circonstances, \u00e0 s\u2019y attacher \u00e9motionnellement&nbsp;\u00bb.<br><br>En substance, le biologiste am\u00e9ricain a r\u00e9sum\u00e9 en un seul terme deux ph\u00e9nom\u00e8nes qui expliquent comment le contact avec des \u00ab&nbsp;formes de vie&nbsp;\u00bb a un impact positif sur notre bien-\u00eatre et notre sant\u00e9.<\/p>\n\n\n\n<ul class=\"wp-block-list\">\n<li>Le premier ph\u00e9nom\u00e8ne que l\u2019on peut rattacher \u00e0 la biophilie est la <strong>fascination&nbsp;<\/strong>: lorsque nos yeux se posent sur des \u00e9l\u00e9ments naturels, notre attention est capt\u00e9e sans effort et les m\u00e9canismes inhibiteurs \u00e0 l\u2019origine des distractions sont d\u00e9sactiv\u00e9s. Pour simplifier, on peut dire qu\u2019au contact de la nature, les yeux se reposent et l\u2019attention volontaire - us\u00e9e par d\u2019autres activit\u00e9s quotidiennes - se r\u00e9g\u00e9n\u00e8re.<br><\/li>\n\n\n\n<li>Le deuxi\u00e8me ph\u00e9nom\u00e8ne auquel Wilson fait r\u00e9f\u00e9rence lorsqu\u2019il parle de biophilie est l\u2019<strong>affiliation&nbsp;<\/strong>: plus le lien avec la nature et ses \u00e9l\u00e9ments est profond\u00e9ment ancr\u00e9, plus un mouvement d\u2019empathie est d\u00e9clench\u00e9, jusqu\u2019\u00e0 devenir un sentiment d\u2019appartenance. C\u2019est un sentiment que l\u2019on peut \u00e9prouver dans la relation avec un animal de compagnie ou dans l\u2019entretien d\u2019un potager ou d\u2019un jardin.<br><\/li>\n<\/ul>\n\n\n\n<p>Ces r\u00e9flexions m\u2019ont amen\u00e9 \u00e0 une conclusion personnelle sur les raisons de notre <strong>relation <\/strong>avec la nature: en tant qu\u2019\u00eatres humains, nous ne l\u2019aimons pas comme un sujet ind\u00e9pendant, mais comme un \u00ab&nbsp;tout&nbsp;\u00bb dont nous faisons partie. En d\u2019autres termes, nous aimons la nature parce que nous sommes la nature. Cela explique pourquoi nous nous sentons si bien dans la nature : au fond, c\u2019est comme un retour \u00e0 la maison.<\/p>\n\n\n\n<blockquote class=\"wp-block-quote is-layout-flow wp-block-quote-is-layout-flow\">\n<p>\"... contemplation of a landscape<br>occupies the mind effortlessly, while stimulating it, <br>it calms it, while animating it,<br>and thus, through the influence of the mind on the body,<br>it gives refreshment and new energy to the entire body system.\"<\/p>\n<cite>Frederick Law Olmsted 1865<\/cite><\/blockquote>\n\n\n<div class=\"wp-block-image\">\n<figure class=\"aligncenter size-full\"><img loading=\"lazy\" decoding=\"async\" width=\"512\" height=\"768\" src=\"https:\/\/ellesinteriordesignstudio.com\/fr\/wp-content\/uploads\/sites\/2\/2023\/07\/4_Biophilie_et_contemplation.webp\" alt=\"L'architecte d'int\u00e9rieur Stefania Luraghi dans un moment de d\u00e9tente dans les for\u00eats de Haute-Savoie.\" class=\"wp-image-538\" srcset=\"https:\/\/ellesinteriordesignstudio.com\/fr\/wp-content\/uploads\/sites\/2\/2023\/07\/4_Biophilie_et_contemplation.webp 512w, https:\/\/ellesinteriordesignstudio.com\/fr\/wp-content\/uploads\/sites\/2\/2023\/07\/4_Biophilie_et_contemplation-200x300.webp 200w\" sizes=\"auto, (max-width: 512px) 100vw, 512px\" \/><\/figure><\/div>\n\n\n<p><\/p>\n\n\n\n<hr class=\"wp-block-separator has-alpha-channel-opacity\"\/>\n\n\n\n<h2 class=\"wp-block-heading\">Nature et architecture : la biophilie entre dans le projet<\/h2>\n\n\n\n<p>Les nombreuses \u00e9tudes r\u00e9alis\u00e9es au cours des derni\u00e8res d\u00e9cennies confirment les id\u00e9es apparues \u00e0 la fin du si\u00e8cle dernier, faisant \u00e9tat d\u2019une productivit\u00e9 accrue dans les espaces de travail connect\u00e9s \u00e0 l\u2019environnement naturel et d\u2019un taux de gu\u00e9rison plus \u00e9lev\u00e9 chez les patients ayant une vue sur la nature.<br><br>En bref, l\u2019importance de se reconnecter \u00e0 la nature pour am\u00e9liorer le bien-\u00eatre physique et mental est aujourd\u2019hui largement reconnue.<br>Un fait qui se heurte toutefois \u00e0 la r\u00e9alit\u00e9 v\u00e9cue par la majorit\u00e9 de la population mondiale : dans une soci\u00e9t\u00e9 fortement urbanis\u00e9e, les gens passent en moyenne 90 % de leur journ\u00e9e \u00e0 l\u2019int\u00e9rieur de b\u00e2timents et n\u2019ont que rarement des contacts avec l\u2019environnement naturel.<\/p>\n\n\n\n<blockquote class=\"wp-block-quote is-layout-flow wp-block-quote-is-layout-flow\">\n<blockquote class=\"wp-block-quote is-layout-flow wp-block-quote-is-layout-flow\">\n<p>\"We will never be truly healthy, satisfied or fulfilled if we live apart and alienated from the environment from which we evolved.\"<\/p>\n<cite>Stephen R. Kellert, \"Building for life\"<\/cite><\/blockquote>\n<\/blockquote>\n\n\n<div class=\"wp-block-image\">\n<figure class=\"aligncenter size-large\"><img loading=\"lazy\" decoding=\"async\" width=\"1024\" height=\"539\" src=\"https:\/\/ellesinteriordesignstudio.com\/fr\/wp-content\/uploads\/sites\/2\/2023\/07\/5_Biophilie_entreprise-1024x539.jpg\" alt=\"Dans une soci\u00e9t\u00e9 fortement urbanis\u00e9e, les gens passent en moyenne 90 % de leur journ\u00e9e \u00e0 l'int\u00e9rieur de b\u00e2timents et ont rarement des contacts\" class=\"wp-image-568\" srcset=\"https:\/\/ellesinteriordesignstudio.com\/fr\/wp-content\/uploads\/sites\/2\/2023\/07\/5_Biophilie_entreprise-1024x539.jpg 1024w, https:\/\/ellesinteriordesignstudio.com\/fr\/wp-content\/uploads\/sites\/2\/2023\/07\/5_Biophilie_entreprise-300x158.jpg 300w, https:\/\/ellesinteriordesignstudio.com\/fr\/wp-content\/uploads\/sites\/2\/2023\/07\/5_Biophilie_entreprise-768x404.jpg 768w, https:\/\/ellesinteriordesignstudio.com\/fr\/wp-content\/uploads\/sites\/2\/2023\/07\/5_Biophilie_entreprise-1536x808.jpg 1536w, https:\/\/ellesinteriordesignstudio.com\/fr\/wp-content\/uploads\/sites\/2\/2023\/07\/5_Biophilie_entreprise.jpg 1600w\" sizes=\"auto, (max-width: 1024px) 100vw, 1024px\" \/><\/figure><\/div>\n\n\n<p>La question la plus urgente est donc la suivante : comment vivre pleinement cette immersion b\u00e9n\u00e9fique dans la nature aujourd\u2019hui ?<br><br>La r\u00e9ponse de nombreux urbanistes, architectes et d\u00e9corateurs d\u2019int\u00e9rieur consiste \u00e0 adopter une approche diff\u00e9rente de la conception, en ramenant dans les villes, les lieux de travail et les habitations les conditions typiques de la nature.<br><br>Le vert, la lumi\u00e8re, l\u2019eau et d\u2019autres \u00e9l\u00e9ments naturels sont int\u00e9gr\u00e9s dans l\u2019am\u00e9nagement urbain, dans le but d\u2019offrir aux personnes qui habiteront ces espaces les m\u00eames avantages physiques et psychologiques qu\u2019une promenade en for\u00eat !<br><br>C\u2019est l\u2019approche typique du bio-design, qui influence positivement la perception de l\u2019espace, au point d\u2019en faire une source d\u2019inspiration et de bien-\u00eatre.<br><\/p>\n\n\n\n<figure class=\"wp-block-image size-large\"><img loading=\"lazy\" decoding=\"async\" width=\"1024\" height=\"769\" src=\"https:\/\/ellesinteriordesignstudio.com\/fr\/wp-content\/uploads\/sites\/2\/2023\/07\/6_nature_architecture-1024x769.jpg\" alt=\"Les \u00e9l\u00e9ments naturels sont int\u00e9gr\u00e9s dans l'am\u00e9nagement urbain pour offrir aux gens les m\u00eames avantages physiques et psychologiques qu'une promenade en for\u00eat.\" class=\"wp-image-567\" srcset=\"https:\/\/ellesinteriordesignstudio.com\/fr\/wp-content\/uploads\/sites\/2\/2023\/07\/6_nature_architecture-1024x769.jpg 1024w, https:\/\/ellesinteriordesignstudio.com\/fr\/wp-content\/uploads\/sites\/2\/2023\/07\/6_nature_architecture-300x225.jpg 300w, https:\/\/ellesinteriordesignstudio.com\/fr\/wp-content\/uploads\/sites\/2\/2023\/07\/6_nature_architecture-768x577.jpg 768w, https:\/\/ellesinteriordesignstudio.com\/fr\/wp-content\/uploads\/sites\/2\/2023\/07\/6_nature_architecture-1536x1154.jpg 1536w, https:\/\/ellesinteriordesignstudio.com\/fr\/wp-content\/uploads\/sites\/2\/2023\/07\/6_nature_architecture.jpg 1600w\" sizes=\"auto, (max-width: 1024px) 100vw, 1024px\" \/><\/figure>\n\n\n\n<p><\/p>\n\n\n\n<hr class=\"wp-block-separator has-css-opacity\"\/>\n\n\n\n<h2 class=\"wp-block-heading\">L\u2019architecture d\u2019int\u00e9rieur en accord avec la nature<\/h2>\n\n\n\n<p>Au fil des ans, les efforts des urbanistes, des architectes et des d\u00e9corateurs d\u2019int\u00e9rieur ont permis d\u2019identifier 14 mod\u00e8les de conception biophilique, qui articulent les relations entre la nature, la biologie humaine et les espaces de vie, dans le but de guider les concepteurs dans leur travail.<br><br>Je vous en dirai plus dans mon prochain billet, mais en attendant, je vous propose quelques exemples d\u2019int\u00e9rieurs faisant fortement r\u00e9f\u00e9rence \u00e0 la biophilie.<\/p>\n\n\n\n<figure class=\"wp-block-image size-large\"><img loading=\"lazy\" decoding=\"async\" width=\"1024\" height=\"683\" src=\"https:\/\/ellesinteriordesignstudio.com\/fr\/wp-content\/uploads\/sites\/2\/2023\/07\/7_Biophilie_et_design_d_interieur-1024x683.webp\" alt=\"Exemple d'un int\u00e9rieur avec de fortes r\u00e9f\u00e9rences \u00e0 la biophilie pour son lien int\u00e9rieur\/ext\u00e9rieur. R\u00e9alis\u00e9 par Elles Interior Design.\" class=\"wp-image-541\" srcset=\"https:\/\/ellesinteriordesignstudio.com\/fr\/wp-content\/uploads\/sites\/2\/2023\/07\/7_Biophilie_et_design_d_interieur-1024x683.webp 1024w, https:\/\/ellesinteriordesignstudio.com\/fr\/wp-content\/uploads\/sites\/2\/2023\/07\/7_Biophilie_et_design_d_interieur-300x200.webp 300w, https:\/\/ellesinteriordesignstudio.com\/fr\/wp-content\/uploads\/sites\/2\/2023\/07\/7_Biophilie_et_design_d_interieur-768x512.webp 768w, https:\/\/ellesinteriordesignstudio.com\/fr\/wp-content\/uploads\/sites\/2\/2023\/07\/7_Biophilie_et_design_d_interieur.webp 1500w\" sizes=\"auto, (max-width: 1024px) 100vw, 1024px\" \/><\/figure>\n\n\n\n<p>J\u2019ai con\u00e7u cet espace de <a href=\"https:\/\/ellesinteriordesignstudio.com\/fr\/portfolio\/renovation-villa-annecy\/\">vie <\/a>en suivant le principe \u00ab&nbsp;bring the outside inside&nbsp;\u00bb, c\u2019est-\u00e0-dire \u00ab&nbsp;faire entrer ce qui est \u00e0 l\u2019ext\u00e9rieur&nbsp;\u00bb, en r\u00e9duisant au minimum la distinction entre les deux espaces.<br>En effet, ces espaces sont tellement baign\u00e9s de lumi\u00e8re naturelle qu\u2019ils donnent l\u2019<strong>impression d\u2019\u00eatre \u00e0 l\u2019ext\u00e9rieur<\/strong>.<\/p>\n\n\n\n<p><\/p>\n\n\n\n<figure class=\"wp-block-image size-large\"><img loading=\"lazy\" decoding=\"async\" width=\"1024\" height=\"539\" src=\"https:\/\/ellesinteriordesignstudio.com\/fr\/wp-content\/uploads\/sites\/2\/2023\/07\/8_Biophilie_et_plantes_d_interieur-1024x539.jpg\" alt=\"Les plantes d'int\u00e9rieur ont le pouvoir de transformer une pi\u00e8ce en aidant \u00e0 cr\u00e9er de v\u00e9ritables oasis de tranquillit\u00e9, m\u00eame par petites touches.\" class=\"wp-image-566\" srcset=\"https:\/\/ellesinteriordesignstudio.com\/fr\/wp-content\/uploads\/sites\/2\/2023\/07\/8_Biophilie_et_plantes_d_interieur-1024x539.jpg 1024w, https:\/\/ellesinteriordesignstudio.com\/fr\/wp-content\/uploads\/sites\/2\/2023\/07\/8_Biophilie_et_plantes_d_interieur-300x158.jpg 300w, https:\/\/ellesinteriordesignstudio.com\/fr\/wp-content\/uploads\/sites\/2\/2023\/07\/8_Biophilie_et_plantes_d_interieur-768x404.jpg 768w, https:\/\/ellesinteriordesignstudio.com\/fr\/wp-content\/uploads\/sites\/2\/2023\/07\/8_Biophilie_et_plantes_d_interieur-1536x808.jpg 1536w, https:\/\/ellesinteriordesignstudio.com\/fr\/wp-content\/uploads\/sites\/2\/2023\/07\/8_Biophilie_et_plantes_d_interieur.jpg 1600w\" sizes=\"auto, (max-width: 1024px) 100vw, 1024px\" \/><\/figure>\n\n\n\n<p>Les <strong>plantes d\u2019int\u00e9rieur<\/strong> ont \u00e9galement le pouvoir de transformer une pi\u00e8ce, en aidant \u00e0 cr\u00e9er de v\u00e9ritables oasis de tranquillit\u00e9 par de petites touches ou de grandes surfaces de verdure.<\/p>\n\n\n\n<p><\/p>\n\n\n<div class=\"wp-block-image\">\n<figure class=\"aligncenter size-large\"><img decoding=\"async\" src=\"https:\/\/ellesinteriordesignstudio.com\/wp-content\/uploads\/2023\/05\/9_progetto_ristrutturazione_toilette_carta_da_parati-683x1024.webp\" alt=\"Photo des toilettes d'ambiance \u00e9cologique r\u00e9alis\u00e9e avec du papier peint appliqu\u00e9 sur tous les c\u00f4t\u00e9s ; projet de r\u00e9novation par le studio Elles Interior Design.\" class=\"wp-image-253\"\/><\/figure><\/div>\n\n\n<p>Dans cet appartement \u00e0 <a href=\"https:\/\/ellesinteriordesignstudio.com\/portfolio\/appartamento-annecy\/\">Annecy<\/a> j\u2019ai fait entrer une for\u00eat tropicale dans une petite salle de bain aveugle, en compensant par un <strong>papier peint v\u00e9g\u00e9tal<\/strong> l\u2019absence d\u2019ouverture sur l\u2019ext\u00e9rieur. Ces graphiques r\u00e9alistes sur toute la surface du mur ont le pouvoir d\u2019\u00e9voquer fortement des \u00e9l\u00e9ments organiques vivants similaires.<\/p>\n\n\n\n<p><\/p>\n\n\n\n<figure class=\"wp-block-image size-large\"><img loading=\"lazy\" decoding=\"async\" width=\"1024\" height=\"539\" src=\"https:\/\/ellesinteriordesignstudio.com\/fr\/wp-content\/uploads\/sites\/2\/2023\/07\/9_Biophilie-1024x539.jpg\" alt=\"Les canap\u00e9s Branches, de designers fr\u00e8res designers et Heartbeat de Karim Rashid avec un forme biomorphique.\" class=\"wp-image-571\" srcset=\"https:\/\/ellesinteriordesignstudio.com\/fr\/wp-content\/uploads\/sites\/2\/2023\/07\/9_Biophilie-1024x539.jpg 1024w, https:\/\/ellesinteriordesignstudio.com\/fr\/wp-content\/uploads\/sites\/2\/2023\/07\/9_Biophilie-300x158.jpg 300w, https:\/\/ellesinteriordesignstudio.com\/fr\/wp-content\/uploads\/sites\/2\/2023\/07\/9_Biophilie-768x404.jpg 768w, https:\/\/ellesinteriordesignstudio.com\/fr\/wp-content\/uploads\/sites\/2\/2023\/07\/9_Biophilie-1536x808.jpg 1536w, https:\/\/ellesinteriordesignstudio.com\/fr\/wp-content\/uploads\/sites\/2\/2023\/07\/9_Biophilie.jpg 1600w\" sizes=\"auto, (max-width: 1024px) 100vw, 1024px\" \/><\/figure>\n\n\n\n<p>Je ne pouvais pas oublier dans cette br\u00e8ve revue le travail des concepteurs de produits qui sont guid\u00e9s par une approche bio-architecturale. Les fr\u00e8res Campana, auteurs de ce \u2018Branches Sofa\u2019, en ont fait un art. <\/p>\n\n\n\n<p>Mais le canap\u00e9 \u00ab&nbsp;Heartbeat&nbsp;\u00bb de Karim Rashid pour Nienk\u00e4mper est \u00e9galement un exemple qui m\u00e9rite d\u2019\u00eatre mentionn\u00e9 : sa forme biomorphique imite le flux et le reflux du sang qui circule librement dans le corps.<\/p>\n\n\n\n<p><\/p>\n\n\n\n<figure class=\"wp-block-image size-large\"><img loading=\"lazy\" decoding=\"async\" width=\"1024\" height=\"539\" src=\"https:\/\/ellesinteriordesignstudio.com\/fr\/wp-content\/uploads\/sites\/2\/2023\/07\/12_Biofilia_design1-1024x539.jpg\" alt=\"Les murs v\u00e9g\u00e9taux pour l'int\u00e9rieur, une r\u00e9volution dans la vie au vert.\" class=\"wp-image-565\" srcset=\"https:\/\/ellesinteriordesignstudio.com\/fr\/wp-content\/uploads\/sites\/2\/2023\/07\/12_Biofilia_design1-1024x539.jpg 1024w, https:\/\/ellesinteriordesignstudio.com\/fr\/wp-content\/uploads\/sites\/2\/2023\/07\/12_Biofilia_design1-300x158.jpg 300w, https:\/\/ellesinteriordesignstudio.com\/fr\/wp-content\/uploads\/sites\/2\/2023\/07\/12_Biofilia_design1-768x404.jpg 768w, https:\/\/ellesinteriordesignstudio.com\/fr\/wp-content\/uploads\/sites\/2\/2023\/07\/12_Biofilia_design1-1536x808.jpg 1536w, https:\/\/ellesinteriordesignstudio.com\/fr\/wp-content\/uploads\/sites\/2\/2023\/07\/12_Biofilia_design1.jpg 1600w\" sizes=\"auto, (max-width: 1024px) 100vw, 1024px\" \/><\/figure>\n\n\n\n<p>Je termine mon tour d\u2019horizon par les <strong>murs v\u00e9g\u00e9taux<\/strong> d\u2019int\u00e9rieur, qui ont r\u00e9volutionn\u00e9 la fa\u00e7on dont nous vivons la verdure.<br>La mousse, la tillandsia et de nombreuses autres plantes sont connus pour am\u00e9liorer la qualit\u00e9 de l\u2019air, mais ce n\u2019est que ces derni\u00e8res ann\u00e9es qu\u2019elle a \u00e9t\u00e9 introduite dans les solutions \u00e0 parois pleines.<\/p>\n\n\n\n<p><\/p>\n\n\n<div class=\"wp-block-image\">\n<figure class=\"aligncenter size-large\"><img loading=\"lazy\" decoding=\"async\" width=\"579\" height=\"1024\" src=\"https:\/\/ellesinteriordesignstudio.com\/fr\/wp-content\/uploads\/sites\/2\/2023\/07\/13_biophilie_architecture-579x1024.webp\" alt=\"Le jardin vertical de Milan par Stefano Boeri, photo de Stefania Luraghi\" class=\"wp-image-546\" srcset=\"https:\/\/ellesinteriordesignstudio.com\/fr\/wp-content\/uploads\/sites\/2\/2023\/07\/13_biophilie_architecture-579x1024.webp 579w, https:\/\/ellesinteriordesignstudio.com\/fr\/wp-content\/uploads\/sites\/2\/2023\/07\/13_biophilie_architecture-170x300.webp 170w, https:\/\/ellesinteriordesignstudio.com\/fr\/wp-content\/uploads\/sites\/2\/2023\/07\/13_biophilie_architecture-768x1358.webp 768w, https:\/\/ellesinteriordesignstudio.com\/fr\/wp-content\/uploads\/sites\/2\/2023\/07\/13_biophilie_architecture-869x1536.webp 869w, https:\/\/ellesinteriordesignstudio.com\/fr\/wp-content\/uploads\/sites\/2\/2023\/07\/13_biophilie_architecture.webp 1158w\" sizes=\"auto, (max-width: 579px) 100vw, 579px\" \/><\/figure><\/div>\n\n\n<p>Si nous transposons le m\u00eame concept \u00e0 l\u2019ext\u00e9rieur, nous entrons dans le territoire des <strong>jardins verticaux<\/strong>, comme celui con\u00e7u par Stefano Boeri \u00e0 Milan, qui me laisse toujours sans voix.<\/p>\n\n\n\n<p><br>En g\u00e9n\u00e9ral, je trouve le monde du design biophilique \u00e0 la fois fascinant et \u00e9ducatif ; le retour \u00e0 la nature dans l\u2019architecture et le design d\u2019int\u00e9rieur est une tendance qui est vraiment bonne pour les yeux, la sant\u00e9 et l\u2019environnement.<\/p>\n\n\n\n<p><\/p>\n\n\n\n<hr class=\"wp-block-separator has-css-opacity\"\/>\n\n\n\n<p>Vous aussi vous souhaitez cr\u00e9er un projet avec cette orientation pour votre maison ?<br>\u00c9crivez-moi et je serai heureuse de commencer \u00e0 en parler ensemble.<\/p>\n\n\n\n<div class=\"wp-block-buttons is-layout-flex wp-block-buttons-is-layout-flex\">\n<div class=\"wp-block-button\"><a class=\"wp-block-button__link wp-element-button\" href=\"https:\/\/ellesinteriordesignstudio.com\/fr\/contacts\/\">Ecrivez-moi<\/a><\/div>\n<\/div>\n\n\n","protected":false},"excerpt":{"rendered":"<p>Mon premier article de blog ne pouvait \u00eatre que consacr\u00e9 \u00e0 la biophilie : c\u2019est non seulement le sujet qui m\u2019a le plus fascin\u00e9e pendant mes \u00e9tudes de design d\u2019int\u00e9rieur, mais c\u2019est surtout une approche du design qui influence profond\u00e9ment mon travail. Un nouveau rapport \u00e0 la nature Depuis la r\u00e9volution industrielle, notre rapport \u00e0 [&hellip;]<\/p>\n","protected":false},"author":2,"featured_media":547,"comment_status":"open","ping_status":"open","sticky":false,"template":"","format":"standard","meta":{"footnotes":""},"categories":[12],"tags":[34,60],"class_list":["post-530","post","type-post","status-publish","format-standard","has-post-thumbnail","hentry","category-categorie-mon-design-interieur","tag-biophilie","tag-papier-peint"],"yoast_head":"<!-- This site is optimized with the Yoast SEO plugin v27.5 - https:\/\/yoast.com\/product\/yoast-seo-wordpress\/ -->\n<title>Biophilie et design : ensemble pour la vie &#183; ELLES Interior Design<\/title>\n<meta name=\"description\" content=\"La biophilie, une approche au design que influence profond\u00e9ment mon travail d&#039;architecte d&#039;int\u00e9rieur.\" \/>\n<meta name=\"robots\" content=\"index, follow, max-snippet:-1, max-image-preview:large, max-video-preview:-1\" \/>\n<link rel=\"canonical\" href=\"https:\/\/ellesinteriordesignstudio.com\/fr\/blog-interieurs\/biophilie-et-design-ensemble-pour-la-vie\/\" \/>\n<meta property=\"og:locale\" content=\"fr_FR\" \/>\n<meta property=\"og:type\" content=\"article\" \/>\n<meta property=\"og:title\" content=\"Biophilie et design : ensemble pour la vie &#183; ELLES Interior Design\" \/>\n<meta property=\"og:description\" content=\"La biophilie, une approche au design que influence profond\u00e9ment mon travail d&#039;architecte d&#039;int\u00e9rieur.\" \/>\n<meta property=\"og:url\" content=\"https:\/\/ellesinteriordesignstudio.com\/fr\/blog-interieurs\/biophilie-et-design-ensemble-pour-la-vie\/\" \/>\n<meta property=\"og:site_name\" content=\"ELLES Interior Design\" \/>\n<meta property=\"article:published_time\" content=\"2023-07-27T09:11:40+00:00\" \/>\n<meta property=\"article:modified_time\" content=\"2024-07-30T08:56:40+00:00\" \/>\n<meta property=\"og:image\" content=\"https:\/\/ellesinteriordesignstudio.com\/fr\/wp-content\/uploads\/sites\/2\/2023\/07\/1_Biofilia_ensemble_pour_la_vie.webp\" \/>\n\t<meta property=\"og:image:width\" content=\"1600\" \/>\n\t<meta property=\"og:image:height\" content=\"1198\" \/>\n\t<meta property=\"og:image:type\" content=\"image\/webp\" \/>\n<meta name=\"author\" content=\"Giada Correale\" \/>\n<meta name=\"twitter:card\" content=\"summary_large_image\" \/>\n<meta name=\"twitter:label1\" content=\"\u00c9crit par\" \/>\n\t<meta name=\"twitter:data1\" content=\"Giada Correale\" \/>\n\t<meta name=\"twitter:label2\" content=\"Dur\u00e9e de lecture estim\u00e9e\" \/>\n\t<meta name=\"twitter:data2\" content=\"10 minutes\" \/>\n<script type=\"application\/ld+json\" class=\"yoast-schema-graph\">{\"@context\":\"https:\\\/\\\/schema.org\",\"@graph\":[{\"@type\":\"Article\",\"@id\":\"https:\\\/\\\/ellesinteriordesignstudio.com\\\/fr\\\/blog-interieurs\\\/biophilie-et-design-ensemble-pour-la-vie\\\/#article\",\"isPartOf\":{\"@id\":\"https:\\\/\\\/ellesinteriordesignstudio.com\\\/fr\\\/blog-interieurs\\\/biophilie-et-design-ensemble-pour-la-vie\\\/\"},\"author\":{\"name\":\"Giada Correale\",\"@id\":\"https:\\\/\\\/ellesinteriordesignstudio.com\\\/fr\\\/#\\\/schema\\\/person\\\/f2c83b39758c9d5f20c5f5187d96b07f\"},\"headline\":\"Biophilie et design : ensemble pour la vie\",\"datePublished\":\"2023-07-27T09:11:40+00:00\",\"dateModified\":\"2024-07-30T08:56:40+00:00\",\"mainEntityOfPage\":{\"@id\":\"https:\\\/\\\/ellesinteriordesignstudio.com\\\/fr\\\/blog-interieurs\\\/biophilie-et-design-ensemble-pour-la-vie\\\/\"},\"wordCount\":1674,\"commentCount\":0,\"publisher\":{\"@id\":\"https:\\\/\\\/ellesinteriordesignstudio.com\\\/fr\\\/#organization\"},\"image\":{\"@id\":\"https:\\\/\\\/ellesinteriordesignstudio.com\\\/fr\\\/blog-interieurs\\\/biophilie-et-design-ensemble-pour-la-vie\\\/#primaryimage\"},\"thumbnailUrl\":\"https:\\\/\\\/ellesinteriordesignstudio.com\\\/fr\\\/wp-content\\\/uploads\\\/sites\\\/2\\\/2023\\\/07\\\/1_Biofilia_ensemble_pour_la_vie.webp\",\"keywords\":[\"Biophilie\",\"Papier peint\"],\"articleSection\":[\"Mon design d'int\u00e9rieur\"],\"inLanguage\":\"fr-FR\",\"potentialAction\":[{\"@type\":\"CommentAction\",\"name\":\"Comment\",\"target\":[\"https:\\\/\\\/ellesinteriordesignstudio.com\\\/fr\\\/blog-interieurs\\\/biophilie-et-design-ensemble-pour-la-vie\\\/#respond\"]}]},{\"@type\":\"WebPage\",\"@id\":\"https:\\\/\\\/ellesinteriordesignstudio.com\\\/fr\\\/blog-interieurs\\\/biophilie-et-design-ensemble-pour-la-vie\\\/\",\"url\":\"https:\\\/\\\/ellesinteriordesignstudio.com\\\/fr\\\/blog-interieurs\\\/biophilie-et-design-ensemble-pour-la-vie\\\/\",\"name\":\"Biophilie et design : ensemble pour la vie &#183; ELLES Interior Design\",\"isPartOf\":{\"@id\":\"https:\\\/\\\/ellesinteriordesignstudio.com\\\/fr\\\/#website\"},\"primaryImageOfPage\":{\"@id\":\"https:\\\/\\\/ellesinteriordesignstudio.com\\\/fr\\\/blog-interieurs\\\/biophilie-et-design-ensemble-pour-la-vie\\\/#primaryimage\"},\"image\":{\"@id\":\"https:\\\/\\\/ellesinteriordesignstudio.com\\\/fr\\\/blog-interieurs\\\/biophilie-et-design-ensemble-pour-la-vie\\\/#primaryimage\"},\"thumbnailUrl\":\"https:\\\/\\\/ellesinteriordesignstudio.com\\\/fr\\\/wp-content\\\/uploads\\\/sites\\\/2\\\/2023\\\/07\\\/1_Biofilia_ensemble_pour_la_vie.webp\",\"datePublished\":\"2023-07-27T09:11:40+00:00\",\"dateModified\":\"2024-07-30T08:56:40+00:00\",\"description\":\"La biophilie, une approche au design que influence profond\u00e9ment mon travail d'architecte d'int\u00e9rieur.\",\"breadcrumb\":{\"@id\":\"https:\\\/\\\/ellesinteriordesignstudio.com\\\/fr\\\/blog-interieurs\\\/biophilie-et-design-ensemble-pour-la-vie\\\/#breadcrumb\"},\"inLanguage\":\"fr-FR\",\"potentialAction\":[{\"@type\":\"ReadAction\",\"target\":[\"https:\\\/\\\/ellesinteriordesignstudio.com\\\/fr\\\/blog-interieurs\\\/biophilie-et-design-ensemble-pour-la-vie\\\/\"]}]},{\"@type\":\"ImageObject\",\"inLanguage\":\"fr-FR\",\"@id\":\"https:\\\/\\\/ellesinteriordesignstudio.com\\\/fr\\\/blog-interieurs\\\/biophilie-et-design-ensemble-pour-la-vie\\\/#primaryimage\",\"url\":\"https:\\\/\\\/ellesinteriordesignstudio.com\\\/fr\\\/wp-content\\\/uploads\\\/sites\\\/2\\\/2023\\\/07\\\/1_Biofilia_ensemble_pour_la_vie.webp\",\"contentUrl\":\"https:\\\/\\\/ellesinteriordesignstudio.com\\\/fr\\\/wp-content\\\/uploads\\\/sites\\\/2\\\/2023\\\/07\\\/1_Biofilia_ensemble_pour_la_vie.webp\",\"width\":1600,\"height\":1198,\"caption\":\"Notre relation avec la nature : en tant qu\u2019\u00eatres humains, nous ne l\u2019aimons pas comme un sujet ind\u00e9pendant, mais comme un \u00ab\u00a0tout\u00a0\u00bb dont nous faisons partie.\"},{\"@type\":\"BreadcrumbList\",\"@id\":\"https:\\\/\\\/ellesinteriordesignstudio.com\\\/fr\\\/blog-interieurs\\\/biophilie-et-design-ensemble-pour-la-vie\\\/#breadcrumb\",\"itemListElement\":[{\"@type\":\"ListItem\",\"position\":1,\"name\":\"Home\",\"item\":\"https:\\\/\\\/ellesinteriordesignstudio.com\\\/fr\\\/\"},{\"@type\":\"ListItem\",\"position\":2,\"name\":\"Biophilie et design : ensemble pour la vie\"}]},{\"@type\":\"WebSite\",\"@id\":\"https:\\\/\\\/ellesinteriordesignstudio.com\\\/fr\\\/#website\",\"url\":\"https:\\\/\\\/ellesinteriordesignstudio.com\\\/fr\\\/\",\"name\":\"ELLES Interior Design\",\"description\":\"\",\"publisher\":{\"@id\":\"https:\\\/\\\/ellesinteriordesignstudio.com\\\/fr\\\/#organization\"},\"potentialAction\":[{\"@type\":\"SearchAction\",\"target\":{\"@type\":\"EntryPoint\",\"urlTemplate\":\"https:\\\/\\\/ellesinteriordesignstudio.com\\\/fr\\\/?s={search_term_string}\"},\"query-input\":{\"@type\":\"PropertyValueSpecification\",\"valueRequired\":true,\"valueName\":\"search_term_string\"}}],\"inLanguage\":\"fr-FR\"},{\"@type\":\"Organization\",\"@id\":\"https:\\\/\\\/ellesinteriordesignstudio.com\\\/fr\\\/#organization\",\"name\":\"ELLES Interior Design\",\"url\":\"https:\\\/\\\/ellesinteriordesignstudio.com\\\/fr\\\/\",\"logo\":{\"@type\":\"ImageObject\",\"inLanguage\":\"fr-FR\",\"@id\":\"https:\\\/\\\/ellesinteriordesignstudio.com\\\/fr\\\/#\\\/schema\\\/logo\\\/image\\\/\",\"url\":\"https:\\\/\\\/ellesinteriordesignstudio.com\\\/fr\\\/wp-content\\\/uploads\\\/sites\\\/2\\\/2023\\\/05\\\/FullLogo-PecanPie.png\",\"contentUrl\":\"https:\\\/\\\/ellesinteriordesignstudio.com\\\/fr\\\/wp-content\\\/uploads\\\/sites\\\/2\\\/2023\\\/05\\\/FullLogo-PecanPie.png\",\"width\":3000,\"height\":3181,\"caption\":\"ELLES Interior Design\"},\"image\":{\"@id\":\"https:\\\/\\\/ellesinteriordesignstudio.com\\\/fr\\\/#\\\/schema\\\/logo\\\/image\\\/\"},\"sameAs\":[\"https:\\\/\\\/www.instagram.com\\\/elles_interiordesign\\\/\",\"https:\\\/\\\/www.linkedin.com\\\/in\\\/sluraghi\\\/\",\"https:\\\/\\\/www.houzz.fr\\\/pro\\\/webuser-351163672\\\/elles-interior-design\"]},{\"@type\":\"Person\",\"@id\":\"https:\\\/\\\/ellesinteriordesignstudio.com\\\/fr\\\/#\\\/schema\\\/person\\\/f2c83b39758c9d5f20c5f5187d96b07f\",\"name\":\"Giada Correale\",\"image\":{\"@type\":\"ImageObject\",\"inLanguage\":\"fr-FR\",\"@id\":\"https:\\\/\\\/secure.gravatar.com\\\/avatar\\\/986b936a5a4dbcebdc43b3c9159c33838d136b54331996ac649308b869e107ca?s=96&d=mm&r=g\",\"url\":\"https:\\\/\\\/secure.gravatar.com\\\/avatar\\\/986b936a5a4dbcebdc43b3c9159c33838d136b54331996ac649308b869e107ca?s=96&d=mm&r=g\",\"contentUrl\":\"https:\\\/\\\/secure.gravatar.com\\\/avatar\\\/986b936a5a4dbcebdc43b3c9159c33838d136b54331996ac649308b869e107ca?s=96&d=mm&r=g\",\"caption\":\"Giada Correale\"},\"sameAs\":[\"https:\\\/\\\/www.mielcafedesign.com\\\/\"],\"url\":\"https:\\\/\\\/ellesinteriordesignstudio.com\\\/fr\\\/blog-interieurs\\\/author\\\/mielcafedesign\\\/\"}]}<\/script>\n<!-- \/ Yoast SEO plugin. -->","yoast_head_json":{"title":"Biophilie et design : ensemble pour la vie &#183; ELLES Interior Design","description":"La biophilie, une approche au design que influence profond\u00e9ment mon travail d'architecte d'int\u00e9rieur.","robots":{"index":"index","follow":"follow","max-snippet":"max-snippet:-1","max-image-preview":"max-image-preview:large","max-video-preview":"max-video-preview:-1"},"canonical":"https:\/\/ellesinteriordesignstudio.com\/fr\/blog-interieurs\/biophilie-et-design-ensemble-pour-la-vie\/","og_locale":"fr_FR","og_type":"article","og_title":"Biophilie et design : ensemble pour la vie &#183; ELLES Interior Design","og_description":"La biophilie, une approche au design que influence profond\u00e9ment mon travail d'architecte d'int\u00e9rieur.","og_url":"https:\/\/ellesinteriordesignstudio.com\/fr\/blog-interieurs\/biophilie-et-design-ensemble-pour-la-vie\/","og_site_name":"ELLES Interior Design","article_published_time":"2023-07-27T09:11:40+00:00","article_modified_time":"2024-07-30T08:56:40+00:00","og_image":[{"width":1600,"height":1198,"url":"https:\/\/ellesinteriordesignstudio.com\/fr\/wp-content\/uploads\/sites\/2\/2023\/07\/1_Biofilia_ensemble_pour_la_vie.webp","type":"image\/webp"}],"author":"Giada Correale","twitter_card":"summary_large_image","twitter_misc":{"\u00c9crit par":"Giada Correale","Dur\u00e9e de lecture estim\u00e9e":"10 minutes"},"schema":{"@context":"https:\/\/schema.org","@graph":[{"@type":"Article","@id":"https:\/\/ellesinteriordesignstudio.com\/fr\/blog-interieurs\/biophilie-et-design-ensemble-pour-la-vie\/#article","isPartOf":{"@id":"https:\/\/ellesinteriordesignstudio.com\/fr\/blog-interieurs\/biophilie-et-design-ensemble-pour-la-vie\/"},"author":{"name":"Giada Correale","@id":"https:\/\/ellesinteriordesignstudio.com\/fr\/#\/schema\/person\/f2c83b39758c9d5f20c5f5187d96b07f"},"headline":"Biophilie et design : ensemble pour la vie","datePublished":"2023-07-27T09:11:40+00:00","dateModified":"2024-07-30T08:56:40+00:00","mainEntityOfPage":{"@id":"https:\/\/ellesinteriordesignstudio.com\/fr\/blog-interieurs\/biophilie-et-design-ensemble-pour-la-vie\/"},"wordCount":1674,"commentCount":0,"publisher":{"@id":"https:\/\/ellesinteriordesignstudio.com\/fr\/#organization"},"image":{"@id":"https:\/\/ellesinteriordesignstudio.com\/fr\/blog-interieurs\/biophilie-et-design-ensemble-pour-la-vie\/#primaryimage"},"thumbnailUrl":"https:\/\/ellesinteriordesignstudio.com\/fr\/wp-content\/uploads\/sites\/2\/2023\/07\/1_Biofilia_ensemble_pour_la_vie.webp","keywords":["Biophilie","Papier peint"],"articleSection":["Mon design d'int\u00e9rieur"],"inLanguage":"fr-FR","potentialAction":[{"@type":"CommentAction","name":"Comment","target":["https:\/\/ellesinteriordesignstudio.com\/fr\/blog-interieurs\/biophilie-et-design-ensemble-pour-la-vie\/#respond"]}]},{"@type":"WebPage","@id":"https:\/\/ellesinteriordesignstudio.com\/fr\/blog-interieurs\/biophilie-et-design-ensemble-pour-la-vie\/","url":"https:\/\/ellesinteriordesignstudio.com\/fr\/blog-interieurs\/biophilie-et-design-ensemble-pour-la-vie\/","name":"Biophilie et design : ensemble pour la vie &#183; ELLES Interior Design","isPartOf":{"@id":"https:\/\/ellesinteriordesignstudio.com\/fr\/#website"},"primaryImageOfPage":{"@id":"https:\/\/ellesinteriordesignstudio.com\/fr\/blog-interieurs\/biophilie-et-design-ensemble-pour-la-vie\/#primaryimage"},"image":{"@id":"https:\/\/ellesinteriordesignstudio.com\/fr\/blog-interieurs\/biophilie-et-design-ensemble-pour-la-vie\/#primaryimage"},"thumbnailUrl":"https:\/\/ellesinteriordesignstudio.com\/fr\/wp-content\/uploads\/sites\/2\/2023\/07\/1_Biofilia_ensemble_pour_la_vie.webp","datePublished":"2023-07-27T09:11:40+00:00","dateModified":"2024-07-30T08:56:40+00:00","description":"La biophilie, une approche au design que influence profond\u00e9ment mon travail d'architecte d'int\u00e9rieur.","breadcrumb":{"@id":"https:\/\/ellesinteriordesignstudio.com\/fr\/blog-interieurs\/biophilie-et-design-ensemble-pour-la-vie\/#breadcrumb"},"inLanguage":"fr-FR","potentialAction":[{"@type":"ReadAction","target":["https:\/\/ellesinteriordesignstudio.com\/fr\/blog-interieurs\/biophilie-et-design-ensemble-pour-la-vie\/"]}]},{"@type":"ImageObject","inLanguage":"fr-FR","@id":"https:\/\/ellesinteriordesignstudio.com\/fr\/blog-interieurs\/biophilie-et-design-ensemble-pour-la-vie\/#primaryimage","url":"https:\/\/ellesinteriordesignstudio.com\/fr\/wp-content\/uploads\/sites\/2\/2023\/07\/1_Biofilia_ensemble_pour_la_vie.webp","contentUrl":"https:\/\/ellesinteriordesignstudio.com\/fr\/wp-content\/uploads\/sites\/2\/2023\/07\/1_Biofilia_ensemble_pour_la_vie.webp","width":1600,"height":1198,"caption":"Notre relation avec la nature : en tant qu\u2019\u00eatres humains, nous ne l\u2019aimons pas comme un sujet ind\u00e9pendant, mais comme un \u00ab\u00a0tout\u00a0\u00bb dont nous faisons partie."},{"@type":"BreadcrumbList","@id":"https:\/\/ellesinteriordesignstudio.com\/fr\/blog-interieurs\/biophilie-et-design-ensemble-pour-la-vie\/#breadcrumb","itemListElement":[{"@type":"ListItem","position":1,"name":"Home","item":"https:\/\/ellesinteriordesignstudio.com\/fr\/"},{"@type":"ListItem","position":2,"name":"Biophilie et design : ensemble pour la vie"}]},{"@type":"WebSite","@id":"https:\/\/ellesinteriordesignstudio.com\/fr\/#website","url":"https:\/\/ellesinteriordesignstudio.com\/fr\/","name":"ELLES Interior Design","description":"","publisher":{"@id":"https:\/\/ellesinteriordesignstudio.com\/fr\/#organization"},"potentialAction":[{"@type":"SearchAction","target":{"@type":"EntryPoint","urlTemplate":"https:\/\/ellesinteriordesignstudio.com\/fr\/?s={search_term_string}"},"query-input":{"@type":"PropertyValueSpecification","valueRequired":true,"valueName":"search_term_string"}}],"inLanguage":"fr-FR"},{"@type":"Organization","@id":"https:\/\/ellesinteriordesignstudio.com\/fr\/#organization","name":"ELLES Interior Design","url":"https:\/\/ellesinteriordesignstudio.com\/fr\/","logo":{"@type":"ImageObject","inLanguage":"fr-FR","@id":"https:\/\/ellesinteriordesignstudio.com\/fr\/#\/schema\/logo\/image\/","url":"https:\/\/ellesinteriordesignstudio.com\/fr\/wp-content\/uploads\/sites\/2\/2023\/05\/FullLogo-PecanPie.png","contentUrl":"https:\/\/ellesinteriordesignstudio.com\/fr\/wp-content\/uploads\/sites\/2\/2023\/05\/FullLogo-PecanPie.png","width":3000,"height":3181,"caption":"ELLES Interior Design"},"image":{"@id":"https:\/\/ellesinteriordesignstudio.com\/fr\/#\/schema\/logo\/image\/"},"sameAs":["https:\/\/www.instagram.com\/elles_interiordesign\/","https:\/\/www.linkedin.com\/in\/sluraghi\/","https:\/\/www.houzz.fr\/pro\/webuser-351163672\/elles-interior-design"]},{"@type":"Person","@id":"https:\/\/ellesinteriordesignstudio.com\/fr\/#\/schema\/person\/f2c83b39758c9d5f20c5f5187d96b07f","name":"Giada Correale","image":{"@type":"ImageObject","inLanguage":"fr-FR","@id":"https:\/\/secure.gravatar.com\/avatar\/986b936a5a4dbcebdc43b3c9159c33838d136b54331996ac649308b869e107ca?s=96&d=mm&r=g","url":"https:\/\/secure.gravatar.com\/avatar\/986b936a5a4dbcebdc43b3c9159c33838d136b54331996ac649308b869e107ca?s=96&d=mm&r=g","contentUrl":"https:\/\/secure.gravatar.com\/avatar\/986b936a5a4dbcebdc43b3c9159c33838d136b54331996ac649308b869e107ca?s=96&d=mm&r=g","caption":"Giada Correale"},"sameAs":["https:\/\/www.mielcafedesign.com\/"],"url":"https:\/\/ellesinteriordesignstudio.com\/fr\/blog-interieurs\/author\/mielcafedesign\/"}]}},"_links":{"self":[{"href":"https:\/\/ellesinteriordesignstudio.com\/fr\/wp-json\/wp\/v2\/posts\/530","targetHints":{"allow":["GET"]}}],"collection":[{"href":"https:\/\/ellesinteriordesignstudio.com\/fr\/wp-json\/wp\/v2\/posts"}],"about":[{"href":"https:\/\/ellesinteriordesignstudio.com\/fr\/wp-json\/wp\/v2\/types\/post"}],"author":[{"embeddable":true,"href":"https:\/\/ellesinteriordesignstudio.com\/fr\/wp-json\/wp\/v2\/users\/2"}],"replies":[{"embeddable":true,"href":"https:\/\/ellesinteriordesignstudio.com\/fr\/wp-json\/wp\/v2\/comments?post=530"}],"version-history":[{"count":29,"href":"https:\/\/ellesinteriordesignstudio.com\/fr\/wp-json\/wp\/v2\/posts\/530\/revisions"}],"predecessor-version":[{"id":806,"href":"https:\/\/ellesinteriordesignstudio.com\/fr\/wp-json\/wp\/v2\/posts\/530\/revisions\/806"}],"wp:featuredmedia":[{"embeddable":true,"href":"https:\/\/ellesinteriordesignstudio.com\/fr\/wp-json\/wp\/v2\/media\/547"}],"wp:attachment":[{"href":"https:\/\/ellesinteriordesignstudio.com\/fr\/wp-json\/wp\/v2\/media?parent=530"}],"wp:term":[{"taxonomy":"category","embeddable":true,"href":"https:\/\/ellesinteriordesignstudio.com\/fr\/wp-json\/wp\/v2\/categories?post=530"},{"taxonomy":"post_tag","embeddable":true,"href":"https:\/\/ellesinteriordesignstudio.com\/fr\/wp-json\/wp\/v2\/tags?post=530"}],"curies":[{"name":"wp","href":"https:\/\/api.w.org\/{rel}","templated":true}]}}